{"id":338,"date":"2019-01-22T13:24:08","date_gmt":"2019-01-22T13:24:08","guid":{"rendered":"http:\/\/www.chimpampum.com\/es\/?p=338"},"modified":"2019-07-23T16:07:24","modified_gmt":"2019-07-23T15:07:24","slug":"prediccion-asimov-mundo-en-el-2019","status":"publish","type":"post","link":"https:\/\/chimpampum.com\/es\/prediccion-asimov-mundo-en-el-2019\/","title":{"rendered":"La predicci\u00f3n de Isaac Asimov hace 35 a\u00f1os sobre el mundo en el 2019"},"content":{"rendered":"\n<p>Hace 35 a\u00f1os el diario The Star le pidi\u00f3 a <strong>Isaac Asimov<\/strong> que hiciera una predicci\u00f3n de <strong>c\u00f3mo cre\u00eda que ser\u00eda el futuro en 35 a\u00f1os<\/strong>. Asimov es un conocido autor de novelas de ciencia ficci\u00f3n en las que muchas veces habla de futuros lejanos e imaginarios. <\/p>\n\n\n\n<div class=\"wp-block-image\"><figure class=\"aligncenter\"><img loading=\"lazy\" decoding=\"async\" width=\"1024\" height=\"812\" src=\"http:\/\/www.chimpampum.com\/es\/wp-content\/uploads\/2019\/01\/asimov-1024x812.png\" alt=\"isaac asimov\" class=\"wp-image-339\"\/><\/figure><\/div>\n\n\n\n<div class='yrm-content yrm-content-1 yrm-content-hide ' id='yrm-gTElc' data-id='1' data-show-status='false' data-after-action='' style=\"visibility: hidden;height: 0;\">\n\t\t\t<div id='yrm-inner-content-yrm-gTElc' class='yrm-inner-content-wrapper yrm-cntent-1'>\n\n\n\n<div id=\"ez-toc-container\" class=\"ez-toc-v2_0_67_1 counter-hierarchy ez-toc-counter ez-toc-grey ez-toc-container-direction\">\n<p class=\"ez-toc-title\">&Iacute;ndice de contenidos<\/p>\n<label for=\"ez-toc-cssicon-toggle-item-69f4d9de5fde1\" class=\"ez-toc-cssicon-toggle-label\"><span class=\"\"><span class=\"eztoc-hide\" style=\"display:none;\">Toggle<\/span><span class=\"ez-toc-icon-toggle-span\"><svg style=\"fill: #999;color:#999\" xmlns=\"http:\/\/www.w3.org\/2000\/svg\" class=\"list-377408\" width=\"20px\" height=\"20px\" viewBox=\"0 0 24 24\" fill=\"none\"><path d=\"M6 6H4v2h2V6zm14 0H8v2h12V6zM4 11h2v2H4v-2zm16 0H8v2h12v-2zM4 16h2v2H4v-2zm16 0H8v2h12v-2z\" fill=\"currentColor\"><\/path><\/svg><svg style=\"fill: #999;color:#999\" class=\"arrow-unsorted-368013\" xmlns=\"http:\/\/www.w3.org\/2000\/svg\" width=\"10px\" height=\"10px\" viewBox=\"0 0 24 24\" version=\"1.2\" baseProfile=\"tiny\"><path d=\"M18.2 9.3l-6.2-6.3-6.2 6.3c-.2.2-.3.4-.3.7s.1.5.3.7c.2.2.4.3.7.3h11c.3 0 .5-.1.7-.3.2-.2.3-.5.3-.7s-.1-.5-.3-.7zM5.8 14.7l6.2 6.3 6.2-6.3c.2-.2.3-.5.3-.7s-.1-.5-.3-.7c-.2-.2-.4-.3-.7-.3h-11c-.3 0-.5.1-.7.3-.2.2-.3.5-.3.7s.1.5.3.7z\"\/><\/svg><\/span><\/span><\/label><input type=\"checkbox\"  id=\"ez-toc-cssicon-toggle-item-69f4d9de5fde1\" checked aria-label=\"Toggle\" \/><nav><ul class='ez-toc-list ez-toc-list-level-1 ' ><ul class='ez-toc-list-level-3' ><li class='ez-toc-heading-level-3'><a class=\"ez-toc-link ez-toc-heading-1\" href=\"https:\/\/chimpampum.com\/es\/prediccion-asimov-mundo-en-el-2019\/#El_autor_se_inspiro_en_la_novela_1984_de_George_Orwell_que_se_publico_en_1949_justo_35_anos_antes_y_que_preve_un_futuro_un_poco_oscuro\" title=\"El autor se inspir\u00f3 en la novela 1984 de George Orwell que se public\u00f3 en 1949 (justo 35 a\u00f1os antes) y que prev\u00e9 un futuro un poco oscuro.\">El autor se inspir\u00f3 en la novela 1984 de George Orwell que se public\u00f3 en 1949 (justo 35 a\u00f1os antes) y que prev\u00e9 un futuro un poco oscuro.<\/a><\/li><\/ul><\/li><li class='ez-toc-page-1 ez-toc-heading-level-2'><a class=\"ez-toc-link ez-toc-heading-2\" href=\"https:\/\/chimpampum.com\/es\/prediccion-asimov-mundo-en-el-2019\/#Los_11_puntos_segun_Asimov_que_transformaran_el_mundo_en_35_anos\" title=\"Los 11 puntos seg\u00fan Asimov que transformaran el mundo en 35 a\u00f1os\">Los 11 puntos seg\u00fan Asimov que transformaran el mundo en 35 a\u00f1os<\/a><ul class='ez-toc-list-level-4' ><li class='ez-toc-heading-level-4'><ul class='ez-toc-list-level-4' ><li class='ez-toc-heading-level-4'><a class=\"ez-toc-link ez-toc-heading-3\" href=\"https:\/\/chimpampum.com\/es\/prediccion-asimov-mundo-en-el-2019\/#Aunque_algunas_cosas_estan_lejos_de_la_realidad_%C2%A1Asimov_acerto_con_muchos_temas_como_los_habitos_de_trabajo_el_crecimiento_de_la_poblacion_mundial_y_la_estacion_espacial_internacional_que_esta_en_orbita_des_de_hace_anos\" title=\"Aunque algunas cosas estan lejos de la realidad, \u00a1Asimov acert\u00f3 con muchos temas como los h\u00e1bitos de trabajo, el crecimiento de la poblaci\u00f3n mundial y la estaci\u00f3n espacial internacional que est\u00e1 en \u00f3rbita des de hace a\u00f1os!\">Aunque algunas cosas estan lejos de la realidad, \u00a1Asimov acert\u00f3 con muchos temas como los h\u00e1bitos de trabajo, el crecimiento de la poblaci\u00f3n mundial y la estaci\u00f3n espacial internacional que est\u00e1 en \u00f3rbita des de hace a\u00f1os!<\/a><\/li><\/ul><\/li><\/ul><\/li><li class='ez-toc-page-1 ez-toc-heading-level-2'><a class=\"ez-toc-link ez-toc-heading-4\" href=\"https:\/\/chimpampum.com\/es\/prediccion-asimov-mundo-en-el-2019\/#Enterate_de_todo_aqui\" title=\"Ent\u00e9rate de todo aqu\u00ed\">Ent\u00e9rate de todo aqu\u00ed<\/a><\/li><\/ul><\/nav><\/div>\n<h3 class=\"wp-block-heading\"><span class=\"ez-toc-section\" id=\"El_autor_se_inspiro_en_la_novela_1984_de_George_Orwell_que_se_publico_en_1949_justo_35_anos_antes_y_que_preve_un_futuro_un_poco_oscuro\"><\/span>El autor se inspir\u00f3 en la novela 1984 de George Orwell que se public\u00f3 en 1949 (justo 35 a\u00f1os antes) y que prev\u00e9 un futuro un poco oscuro.<span class=\"ez-toc-section-end\"><\/span><\/h3>\n\n\n\n<div style=\"height:100px\" aria-hidden=\"true\" class=\"wp-block-spacer\"><\/div>\n\n\n\n<h2 class=\"wp-block-heading\"><span class=\"ez-toc-section\" id=\"Los_11_puntos_segun_Asimov_que_transformaran_el_mundo_en_35_anos\"><\/span>Los 11 puntos seg\u00fan Asimov que transformaran el mundo en 35 a\u00f1os<span class=\"ez-toc-section-end\"><\/span><\/h2>\n\n\n\n<p>1.\nUn <strong>cambio en nuestro h\u00e1bitos de trabajo<\/strong>.\nEsto ya sucedi\u00f3 anteriormente con la revoluci\u00f3n industrial donde la gran\nmayor\u00eda de la humanidad pas\u00f3 de la agricultura a las f\u00e1bricas. Con la\ncomputerizaci\u00f3n (o los ordenadores) el cambio ser\u00e1 a\u00fan m\u00e1s r\u00e1pido y doloroso. <\/p>\n\n\n\n<p>2. Debido a la computerizaci\u00f3n, <strong>los<\/strong> <strong>robots se encargar\u00e1n de los trabajos m\u00e1s rutinarios<\/strong>, pero aparecer\u00e1n muchos m\u00e1s trabajos. Es por eso que la educaci\u00f3n debe cambiar mucho, ya que la gran mayor\u00eda de la poblaci\u00f3n deber\u00e1 ser \u00abalfabetizado en la computaci\u00f3n\u00bb y ense\u00f1ado a lidiar con un mundo \u00abhigh-tech\u00bb. <\/p>\n\n\n\n<p>3. <strong>La relaci\u00f3n profesor-alumno cambiar\u00e1<\/strong>. Los profesores se encargaran de inspirar curiosidad al estudiante, quien despu\u00e9s podr\u00e1 satisfacer a casa con la ayuda de un ordenador. Los adolescentes tendr\u00e1n la oportunidad de aprender lo que quieran, a su tiempo y a su ritmo. <strong>La educi\u00f3n dejar\u00e1 de ser forzada des del exterior y vendr\u00e1 del interior. <\/strong><\/p>\n\n\n\n<p>4. Con la ayuda de la computaci\u00f3n y los robots, <strong>la sociedad encontrar\u00e1 m\u00e1s tiempo libre<\/strong> y lo ocupar\u00e1 con otros intereses o hobbies: investiaci\u00f3n cient\u00edfica, literatura, artes, etc.<\/p>\n\n\n\n<p>5. El\nproblema del <strong>crecimiento de la poblaci\u00f3n\nmundial<\/strong>. Asimov predijo los gobiernos estar\u00edan fomentando un mayor control\nde la natalidad para que en 2019 el mundo entero se esforzara para alcanzar un\nestancamiento en la poblaci\u00f3n mundial.<\/p>\n\n\n\n<p>6. Asimov tambi\u00e9n habl\u00f3 de <strong>la poluci\u00f3n y los residuos<\/strong>. Esperaba que los avances tecnol\u00f3gicos ayudaran a revertir m\u00e1s r\u00e1pidamente el deterioro del medio ambiente. <\/p>\n\n\n\n<p>7. Habr\u00e1 una <strong>cooperaci\u00f3n creciente <\/strong>entre las diferentes naciones y grupos de naciones, porque sin\u00f3 esto significar\u00eda la destrucci\u00f3n de todos. <\/p>\n\n\n\n<p>8. Con un cohete lanzadera podremos <strong>construir una estaci\u00f3n espacial<\/strong> para hacerla el hogar de un n\u00famero creciente de humanos en el espacio. <\/p>\n\n\n\n<p>9. En 2019 ya <strong>estaremos establecidos en la Luna<\/strong>, no solo los americanos pero una fuerza internacional para minar la Luna. <\/p>\n\n\n\n<p>10. Finalmente, un ejemplo de estructura que puede ser construida en 2019 ser\u00eda una <strong>estaci\u00f3n de energ\u00eda solar<\/strong> que recoge energ\u00eda en el espacio y la env\u00eda a la Tierra para dotar de energ\u00eda verde a gran parte de la poblaci\u00f3n. As\u00ed, habr\u00e1 energ\u00eda asegurada y se mantendr\u00e1 un clima de paz y cooperaci\u00f3n.<\/p>\n\n\n\n<p>11. La <strong>construcci\u00f3n de f\u00e1bricas en el espacio<\/strong> para producir objetos que ser\u00edan dif\u00edciles o imposibles de fabricar en la Tierra, ayud\u00e1ndose de las caracter\u00edsticas del espacio: gravedad zero, el vaci\u00f3, temperaturas muy bajas, radiaci\u00f3n&#8230;<\/p>\n\n\n\n<h4 class=\"wp-block-heading\"><span class=\"ez-toc-section\" id=\"Aunque_algunas_cosas_estan_lejos_de_la_realidad_%C2%A1Asimov_acerto_con_muchos_temas_como_los_habitos_de_trabajo_el_crecimiento_de_la_poblacion_mundial_y_la_estacion_espacial_internacional_que_esta_en_orbita_des_de_hace_anos\"><\/span>Aunque algunas cosas estan lejos de la realidad, \u00a1Asimov acert\u00f3 con muchos temas como los h\u00e1bitos de trabajo, el crecimiento de la poblaci\u00f3n mundial y la estaci\u00f3n espacial internacional que est\u00e1 en \u00f3rbita des de hace a\u00f1os!<span class=\"ez-toc-section-end\"><\/span><\/h4>\n\n\n\n<\/div>\n\t\t<\/div><div class='yrm-btn-wrapper yrm-btn-wrapper-1 yrm-more-button-wrapper  '\n\t\tdata-custom-more-class-name='' data-custom-less-class-name=''><span title='' data-less-title='' data-more-title='' class='yrm-toggle-expand  yrm-toggle-expand-1 ' data-rel='yrm-gTElc' data-more='Sigue leyendo...' data-less='Read less'><span class='yrm-text-wrapper yrm-text-wrapper-custom-dimensions'><span class=\"yrm-button-text-1 yrm-button-text-span\">Sigue leyendo...<\/span><\/span><\/span><\/div>\n\n\n\n<!-- Begin Mailchimp Signup Form -->\n<link href=\"\/\/cdn-images.mailchimp.com\/embedcode\/classic-10_7.css\" rel=\"stylesheet\" type=\"text\/css\">\n<style type=\"text\/css\">\n\t#mc_embed_signup{background:#fff; clear:left; font:14px Helvetica,Arial,sans-serif; }\n\t\/* Add your own Mailchimp form style overrides in your site stylesheet or in this style block.\n\t   We recommend moving this block and the preceding CSS link to the HEAD of your HTML file. *\/\n<\/style>\n<style type=\"text\/css\">\n\t#mc-embedded-subscribe-form input[type=checkbox]{display: inline; width: auto;margin-right: 10px;}\n\t#mergeRow-gdpr {margin-top: 20px;}\n\t#mergeRow-gdpr fieldset label {font-weight: normal;}\n\t#mc-embedded-subscribe-form .mc_fieldset{border:none;min-height: 0px;padding-bottom:0px;}\n<\/style>\n<div id=\"mc_embed_signup\">\n<form action=\"https:\/\/chimpampum.us7.list-manage.com\/subscribe\/post?u=16ab6cfbb1e7584ce8a850038&amp;id=01994babe8\" method=\"post\" id=\"mc-embedded-subscribe-form\" name=\"mc-embedded-subscribe-form\" class=\"validate\" target=\"_blank\" novalidate=\"\">\n    <div id=\"mc_embed_signup_scroll\">\n\t<h2><span class=\"ez-toc-section\" id=\"Enterate_de_todo_aqui\"><\/span>Ent\u00e9rate de todo aqu\u00ed<span class=\"ez-toc-section-end\"><\/span><\/h2>\n<div class=\"indicates-required\"><span class=\"asterisk\">*<\/span> indicates required<\/div>\n<div class=\"mc-field-group\">\n\t<label for=\"mce-EMAIL\">Correo electr\u00f3nico*  <span class=\"asterisk\">*<\/span>\n<\/label>\n\t<input type=\"email\" value=\"\" name=\"EMAIL\" class=\"required email\" id=\"mce-EMAIL\">\n<\/div>\n<div class=\"mc-field-group\">\n\t<label for=\"mce-FNAME\">Nombre y apellidos*  <span class=\"asterisk\">*<\/span>\n<\/label>\n\t<input type=\"text\" value=\"\" name=\"FNAME\" class=\"required\" id=\"mce-FNAME\">\n<\/div>\n<div class=\"mc-field-group size1of2\">\n\t<label for=\"mce-CP_SP\">C\u00f3digo postal*  <span class=\"asterisk\">*<\/span>\n<\/label>\n\t<input type=\"number\" name=\"CP_SP\" class=\"required\" value=\"\" id=\"mce-CP_SP\">\n<\/div>\n<div id=\"mergeRow-gdpr\" class=\"mergeRow gdpr-mergeRow content__gdprBlock mc-field-group\">\n    <div class=\"content__gdpr\">\n        <label>Permisos de marketing<\/label>\n        <p> <\/p>\n        <fieldset class=\"mc_fieldset gdprRequired mc-field-group\" name=\"interestgroup_field\">\n\t\t<label class=\"checkbox subfield\" for=\"gdpr_13533\"><input type=\"checkbox\" id=\"gdpr_13533\" name=\"gdpr[13533]\" value=\"Y\" class=\"av-checkbox gdpr\"><span>Correo electr\u00f3nico<\/span> <\/label><label class=\"checkbox subfield\" for=\"gdpr_13541\"><input type=\"checkbox\" id=\"gdpr_13541\" name=\"gdpr[13541]\" value=\"Y\" class=\"av-checkbox gdpr\"><span>Publicidad en l\u00ednea personalizada<\/span> <\/label>\n        <\/fieldset>\n        <p>Puede cambiar de opini\u00f3n en cualquier momento haciendo clic en el enlace desuscribir que hay en el pie de p\u00e1gina de cualquier correo electr\u00f3nico que reciba de nuestra parte.<\/p>\n    <\/div>\n    <div class=\"content__gdprLegal\">\n        <p>We use Mailchimp as our marketing platform. By clicking below to subscribe, you acknowledge that your information will be transferred to Mailchimp for processing. <a href=\"https:\/\/mailchimp.com\/legal\/\" target=\"_blank\" rel=\"noopener noreferrer\">Learn more about Mailchimp&#8217;s privacy practices here.<\/a><\/p>\n    <\/div>\n<\/div>\n\t<div id=\"mce-responses\" class=\"clear\">\n\t\t<div class=\"response\" id=\"mce-error-response\" style=\"display:none\"><\/div>\n\t\t<div class=\"response\" id=\"mce-success-response\" style=\"display:none\"><\/div>\n\t<\/div>    <!-- real people should not fill this in and expect good things - do not remove this or risk form bot signups-->\n    <div style=\"position: absolute; left: -5000px;\" aria-hidden=\"true\"><input type=\"text\" name=\"b_16ab6cfbb1e7584ce8a850038_01994babe8\" tabindex=\"-1\" value=\"\"><\/div>\n    <div class=\"clear\"><input type=\"submit\" value=\"Enviar\" name=\"subscribe\" id=\"mc-embedded-subscribe\" class=\"button\"><\/div>\n    <\/div>\n<\/form>\n<\/div>\n\n<!--End mc_embed_signup-->\n<!-- AddThis Advanced Settings generic via filter on the_content --><!-- AddThis Share Buttons generic via filter on the_content --><!-- AddThis Related Posts generic via filter on the_content -->","protected":false},"excerpt":{"rendered":"<p>Hace 35 a\u00f1os el diario The Star le pidi\u00f3 a Isaac Asimov que hiciera una predicci\u00f3n de c\u00f3mo cre\u00eda que ser\u00eda el futuro en 35 a\u00f1os. Asimov es un conocido autor de novelas de ciencia ficci\u00f3n en las que muchas veces habla de futuros lejanos e imaginarios. Ent\u00e9rate de todo aqu\u00ed * indicates required Correo [&hellip;]<!-- AddThis Advanced Settings generic via filter on get_the_excerpt --><!-- AddThis Share Buttons generic via filter on get_the_excerpt --><!-- AddThis Related Posts generic via filter on get_the_excerpt --><\/p>\n","protected":false},"author":2,"featured_media":339,"comment_status":"open","ping_status":"open","sticky":false,"template":"","format":"standard","meta":{"footnotes":""},"categories":[15],"tags":[41,42,43],"yoast_head":"<!-- This site is optimized with the Yoast SEO plugin v22.9 - https:\/\/yoast.com\/wordpress\/plugins\/seo\/ -->\n<title>La predicci\u00f3n de Isaac Asimov hace 35 a\u00f1os sobre el mundo en el 2019 - CHIMPAMPUM<\/title>\n<meta name=\"description\" content=\"Hace 35 a\u00f1os el diario The Star le pidi\u00f3 a Isaac Asimov que hiciera una predicci\u00f3n de c\u00f3mo cre\u00eda que ser\u00eda el futuro en 35 a\u00f1os.\" \/>\n<meta name=\"robots\" content=\"index, follow, max-snippet:-1, max-image-preview:large, max-video-preview:-1\" \/>\n<link rel=\"canonical\" href=\"https:\/\/chimpampum.com\/es\/prediccion-asimov-mundo-en-el-2019\/\" \/>\n<meta property=\"og:locale\" content=\"es_ES\" \/>\n<meta property=\"og:type\" content=\"article\" \/>\n<meta property=\"og:title\" content=\"La predicci\u00f3n de Isaac Asimov hace 35 a\u00f1os sobre el mundo en el 2019 - CHIMPAMPUM\" \/>\n<meta property=\"og:description\" content=\"Hace 35 a\u00f1os el diario The Star le pidi\u00f3 a Isaac Asimov que hiciera una predicci\u00f3n de c\u00f3mo cre\u00eda que ser\u00eda el futuro en 35 a\u00f1os.\" \/>\n<meta property=\"og:url\" content=\"https:\/\/chimpampum.com\/es\/prediccion-asimov-mundo-en-el-2019\/\" \/>\n<meta property=\"og:site_name\" content=\"CHIMPAMPUM\" \/>\n<meta property=\"article:publisher\" content=\"https:\/\/www.facebook.com\/chimpampumOficial\/\" \/>\n<meta property=\"article:published_time\" content=\"2019-01-22T13:24:08+00:00\" \/>\n<meta property=\"article:modified_time\" content=\"2019-07-23T15:07:24+00:00\" \/>\n<meta property=\"og:image\" content=\"https:\/\/chimpampum.com\/es\/wp-content\/uploads\/2019\/01\/asimov-e1548162684360.png\" \/>\n\t<meta property=\"og:image:width\" content=\"640\" \/>\n\t<meta property=\"og:image:height\" content=\"400\" \/>\n\t<meta property=\"og:image:type\" content=\"image\/png\" \/>\n<meta name=\"author\" content=\"C. Veda\" \/>\n<meta name=\"twitter:card\" content=\"summary_large_image\" \/>\n<meta name=\"twitter:creator\" content=\"@Chimpam_Oficial\" \/>\n<meta name=\"twitter:site\" content=\"@Chimpam_Oficial\" \/>\n<meta name=\"twitter:label1\" content=\"Escrito por\" \/>\n\t<meta name=\"twitter:data1\" content=\"C. Veda\" \/>\n\t<meta name=\"twitter:label2\" content=\"Tiempo de lectura\" \/>\n\t<meta name=\"twitter:data2\" content=\"3 minutos\" \/>\n<script type=\"application\/ld+json\" class=\"yoast-schema-graph\">{\"@context\":\"https:\/\/schema.org\",\"@graph\":[{\"@type\":\"Article\",\"@id\":\"https:\/\/chimpampum.com\/es\/prediccion-asimov-mundo-en-el-2019\/#article\",\"isPartOf\":{\"@id\":\"https:\/\/chimpampum.com\/es\/prediccion-asimov-mundo-en-el-2019\/\"},\"author\":{\"name\":\"C. Veda\",\"@id\":\"https:\/\/chimpampum.com\/es\/#\/schema\/person\/e4dd21f2f9cb3c3eece240c2b5db2f23\"},\"headline\":\"La predicci\u00f3n de Isaac Asimov hace 35 a\u00f1os sobre el mundo en el 2019\",\"datePublished\":\"2019-01-22T13:24:08+00:00\",\"dateModified\":\"2019-07-23T15:07:24+00:00\",\"mainEntityOfPage\":{\"@id\":\"https:\/\/chimpampum.com\/es\/prediccion-asimov-mundo-en-el-2019\/\"},\"wordCount\":684,\"commentCount\":0,\"publisher\":{\"@id\":\"https:\/\/chimpampum.com\/es\/#organization\"},\"image\":{\"@id\":\"https:\/\/chimpampum.com\/es\/prediccion-asimov-mundo-en-el-2019\/#primaryimage\"},\"thumbnailUrl\":\"https:\/\/chimpampum.com\/es\/wp-content\/uploads\/2019\/01\/asimov-e1548162684360.png\",\"keywords\":[\"futuro\",\"Isaac Asimov\",\"noticias\"],\"articleSection\":[\"Noticias\"],\"inLanguage\":\"es\",\"potentialAction\":[{\"@type\":\"CommentAction\",\"name\":\"Comment\",\"target\":[\"https:\/\/chimpampum.com\/es\/prediccion-asimov-mundo-en-el-2019\/#respond\"]}]},{\"@type\":\"WebPage\",\"@id\":\"https:\/\/chimpampum.com\/es\/prediccion-asimov-mundo-en-el-2019\/\",\"url\":\"https:\/\/chimpampum.com\/es\/prediccion-asimov-mundo-en-el-2019\/\",\"name\":\"La predicci\u00f3n de Isaac Asimov hace 35 a\u00f1os sobre el mundo en el 2019 - CHIMPAMPUM\",\"isPartOf\":{\"@id\":\"https:\/\/chimpampum.com\/es\/#website\"},\"primaryImageOfPage\":{\"@id\":\"https:\/\/chimpampum.com\/es\/prediccion-asimov-mundo-en-el-2019\/#primaryimage\"},\"image\":{\"@id\":\"https:\/\/chimpampum.com\/es\/prediccion-asimov-mundo-en-el-2019\/#primaryimage\"},\"thumbnailUrl\":\"https:\/\/chimpampum.com\/es\/wp-content\/uploads\/2019\/01\/asimov-e1548162684360.png\",\"datePublished\":\"2019-01-22T13:24:08+00:00\",\"dateModified\":\"2019-07-23T15:07:24+00:00\",\"description\":\"Hace 35 a\u00f1os el diario The Star le pidi\u00f3 a Isaac Asimov que hiciera una predicci\u00f3n de c\u00f3mo cre\u00eda que ser\u00eda el futuro en 35 a\u00f1os.\",\"breadcrumb\":{\"@id\":\"https:\/\/chimpampum.com\/es\/prediccion-asimov-mundo-en-el-2019\/#breadcrumb\"},\"inLanguage\":\"es\",\"potentialAction\":[{\"@type\":\"ReadAction\",\"target\":[\"https:\/\/chimpampum.com\/es\/prediccion-asimov-mundo-en-el-2019\/\"]}]},{\"@type\":\"ImageObject\",\"inLanguage\":\"es\",\"@id\":\"https:\/\/chimpampum.com\/es\/prediccion-asimov-mundo-en-el-2019\/#primaryimage\",\"url\":\"https:\/\/chimpampum.com\/es\/wp-content\/uploads\/2019\/01\/asimov-e1548162684360.png\",\"contentUrl\":\"https:\/\/chimpampum.com\/es\/wp-content\/uploads\/2019\/01\/asimov-e1548162684360.png\",\"width\":640,\"height\":400,\"caption\":\"isaac asimov\"},{\"@type\":\"BreadcrumbList\",\"@id\":\"https:\/\/chimpampum.com\/es\/prediccion-asimov-mundo-en-el-2019\/#breadcrumb\",\"itemListElement\":[{\"@type\":\"ListItem\",\"position\":1,\"name\":\"Inicio\",\"item\":\"https:\/\/chimpampum.com\/es\/\"},{\"@type\":\"ListItem\",\"position\":2,\"name\":\"La predicci\u00f3n de Isaac Asimov hace 35 a\u00f1os sobre el mundo en el 2019\"}]},{\"@type\":\"WebSite\",\"@id\":\"https:\/\/chimpampum.com\/es\/#website\",\"url\":\"https:\/\/chimpampum.com\/es\/\",\"name\":\"CHIMPAMPUM\",\"description\":\"\u00a1Ya lo entiendo!\",\"publisher\":{\"@id\":\"https:\/\/chimpampum.com\/es\/#organization\"},\"potentialAction\":[{\"@type\":\"SearchAction\",\"target\":{\"@type\":\"EntryPoint\",\"urlTemplate\":\"https:\/\/chimpampum.com\/es\/?s={search_term_string}\"},\"query-input\":\"required name=search_term_string\"}],\"inLanguage\":\"es\"},{\"@type\":\"Organization\",\"@id\":\"https:\/\/chimpampum.com\/es\/#organization\",\"name\":\"CHiMPAMPUM\",\"url\":\"https:\/\/chimpampum.com\/es\/\",\"logo\":{\"@type\":\"ImageObject\",\"inLanguage\":\"es\",\"@id\":\"https:\/\/chimpampum.com\/es\/#\/schema\/logo\/image\/\",\"url\":\"https:\/\/chimpampum.com\/es\/wp-content\/uploads\/2018\/11\/Logo-Chimpampum_i_petita_v2.png\",\"contentUrl\":\"https:\/\/chimpampum.com\/es\/wp-content\/uploads\/2018\/11\/Logo-Chimpampum_i_petita_v2.png\",\"width\":189,\"height\":201,\"caption\":\"CHiMPAMPUM\"},\"image\":{\"@id\":\"https:\/\/chimpampum.com\/es\/#\/schema\/logo\/image\/\"},\"sameAs\":[\"https:\/\/www.facebook.com\/chimpampumOficial\/\",\"https:\/\/x.com\/Chimpam_Oficial\"]},{\"@type\":\"Person\",\"@id\":\"https:\/\/chimpampum.com\/es\/#\/schema\/person\/e4dd21f2f9cb3c3eece240c2b5db2f23\",\"name\":\"C. Veda\",\"image\":{\"@type\":\"ImageObject\",\"inLanguage\":\"es\",\"@id\":\"https:\/\/chimpampum.com\/es\/#\/schema\/person\/image\/\",\"url\":\"https:\/\/secure.gravatar.com\/avatar\/bfb11378093d9c1f8e7ca6cf3c1b3bd1?s=96&d=mm&r=g\",\"contentUrl\":\"https:\/\/secure.gravatar.com\/avatar\/bfb11378093d9c1f8e7ca6cf3c1b3bd1?s=96&d=mm&r=g\",\"caption\":\"C. Veda\"},\"sameAs\":[\"http:\/\/www.chimpampum.com\"],\"url\":\"https:\/\/chimpampum.com\/es\/author\/cristina\/\"}]}<\/script>\n<!-- \/ Yoast SEO plugin. -->","yoast_head_json":{"title":"La predicci\u00f3n de Isaac Asimov hace 35 a\u00f1os sobre el mundo en el 2019 - CHIMPAMPUM","description":"Hace 35 a\u00f1os el diario The Star le pidi\u00f3 a Isaac Asimov que hiciera una predicci\u00f3n de c\u00f3mo cre\u00eda que ser\u00eda el futuro en 35 a\u00f1os.","robots":{"index":"index","follow":"follow","max-snippet":"max-snippet:-1","max-image-preview":"max-image-preview:large","max-video-preview":"max-video-preview:-1"},"canonical":"https:\/\/chimpampum.com\/es\/prediccion-asimov-mundo-en-el-2019\/","og_locale":"es_ES","og_type":"article","og_title":"La predicci\u00f3n de Isaac Asimov hace 35 a\u00f1os sobre el mundo en el 2019 - CHIMPAMPUM","og_description":"Hace 35 a\u00f1os el diario The Star le pidi\u00f3 a Isaac Asimov que hiciera una predicci\u00f3n de c\u00f3mo cre\u00eda que ser\u00eda el futuro en 35 a\u00f1os.","og_url":"https:\/\/chimpampum.com\/es\/prediccion-asimov-mundo-en-el-2019\/","og_site_name":"CHIMPAMPUM","article_publisher":"https:\/\/www.facebook.com\/chimpampumOficial\/","article_published_time":"2019-01-22T13:24:08+00:00","article_modified_time":"2019-07-23T15:07:24+00:00","og_image":[{"width":640,"height":400,"url":"https:\/\/chimpampum.com\/es\/wp-content\/uploads\/2019\/01\/asimov-e1548162684360.png","type":"image\/png"}],"author":"C. Veda","twitter_card":"summary_large_image","twitter_creator":"@Chimpam_Oficial","twitter_site":"@Chimpam_Oficial","twitter_misc":{"Escrito por":"C. Veda","Tiempo de lectura":"3 minutos"},"schema":{"@context":"https:\/\/schema.org","@graph":[{"@type":"Article","@id":"https:\/\/chimpampum.com\/es\/prediccion-asimov-mundo-en-el-2019\/#article","isPartOf":{"@id":"https:\/\/chimpampum.com\/es\/prediccion-asimov-mundo-en-el-2019\/"},"author":{"name":"C. Veda","@id":"https:\/\/chimpampum.com\/es\/#\/schema\/person\/e4dd21f2f9cb3c3eece240c2b5db2f23"},"headline":"La predicci\u00f3n de Isaac Asimov hace 35 a\u00f1os sobre el mundo en el 2019","datePublished":"2019-01-22T13:24:08+00:00","dateModified":"2019-07-23T15:07:24+00:00","mainEntityOfPage":{"@id":"https:\/\/chimpampum.com\/es\/prediccion-asimov-mundo-en-el-2019\/"},"wordCount":684,"commentCount":0,"publisher":{"@id":"https:\/\/chimpampum.com\/es\/#organization"},"image":{"@id":"https:\/\/chimpampum.com\/es\/prediccion-asimov-mundo-en-el-2019\/#primaryimage"},"thumbnailUrl":"https:\/\/chimpampum.com\/es\/wp-content\/uploads\/2019\/01\/asimov-e1548162684360.png","keywords":["futuro","Isaac Asimov","noticias"],"articleSection":["Noticias"],"inLanguage":"es","potentialAction":[{"@type":"CommentAction","name":"Comment","target":["https:\/\/chimpampum.com\/es\/prediccion-asimov-mundo-en-el-2019\/#respond"]}]},{"@type":"WebPage","@id":"https:\/\/chimpampum.com\/es\/prediccion-asimov-mundo-en-el-2019\/","url":"https:\/\/chimpampum.com\/es\/prediccion-asimov-mundo-en-el-2019\/","name":"La predicci\u00f3n de Isaac Asimov hace 35 a\u00f1os sobre el mundo en el 2019 - CHIMPAMPUM","isPartOf":{"@id":"https:\/\/chimpampum.com\/es\/#website"},"primaryImageOfPage":{"@id":"https:\/\/chimpampum.com\/es\/prediccion-asimov-mundo-en-el-2019\/#primaryimage"},"image":{"@id":"https:\/\/chimpampum.com\/es\/prediccion-asimov-mundo-en-el-2019\/#primaryimage"},"thumbnailUrl":"https:\/\/chimpampum.com\/es\/wp-content\/uploads\/2019\/01\/asimov-e1548162684360.png","datePublished":"2019-01-22T13:24:08+00:00","dateModified":"2019-07-23T15:07:24+00:00","description":"Hace 35 a\u00f1os el diario The Star le pidi\u00f3 a Isaac Asimov que hiciera una predicci\u00f3n de c\u00f3mo cre\u00eda que ser\u00eda el futuro en 35 a\u00f1os.","breadcrumb":{"@id":"https:\/\/chimpampum.com\/es\/prediccion-asimov-mundo-en-el-2019\/#breadcrumb"},"inLanguage":"es","potentialAction":[{"@type":"ReadAction","target":["https:\/\/chimpampum.com\/es\/prediccion-asimov-mundo-en-el-2019\/"]}]},{"@type":"ImageObject","inLanguage":"es","@id":"https:\/\/chimpampum.com\/es\/prediccion-asimov-mundo-en-el-2019\/#primaryimage","url":"https:\/\/chimpampum.com\/es\/wp-content\/uploads\/2019\/01\/asimov-e1548162684360.png","contentUrl":"https:\/\/chimpampum.com\/es\/wp-content\/uploads\/2019\/01\/asimov-e1548162684360.png","width":640,"height":400,"caption":"isaac asimov"},{"@type":"BreadcrumbList","@id":"https:\/\/chimpampum.com\/es\/prediccion-asimov-mundo-en-el-2019\/#breadcrumb","itemListElement":[{"@type":"ListItem","position":1,"name":"Inicio","item":"https:\/\/chimpampum.com\/es\/"},{"@type":"ListItem","position":2,"name":"La predicci\u00f3n de Isaac Asimov hace 35 a\u00f1os sobre el mundo en el 2019"}]},{"@type":"WebSite","@id":"https:\/\/chimpampum.com\/es\/#website","url":"https:\/\/chimpampum.com\/es\/","name":"CHIMPAMPUM","description":"\u00a1Ya lo entiendo!","publisher":{"@id":"https:\/\/chimpampum.com\/es\/#organization"},"potentialAction":[{"@type":"SearchAction","target":{"@type":"EntryPoint","urlTemplate":"https:\/\/chimpampum.com\/es\/?s={search_term_string}"},"query-input":"required name=search_term_string"}],"inLanguage":"es"},{"@type":"Organization","@id":"https:\/\/chimpampum.com\/es\/#organization","name":"CHiMPAMPUM","url":"https:\/\/chimpampum.com\/es\/","logo":{"@type":"ImageObject","inLanguage":"es","@id":"https:\/\/chimpampum.com\/es\/#\/schema\/logo\/image\/","url":"https:\/\/chimpampum.com\/es\/wp-content\/uploads\/2018\/11\/Logo-Chimpampum_i_petita_v2.png","contentUrl":"https:\/\/chimpampum.com\/es\/wp-content\/uploads\/2018\/11\/Logo-Chimpampum_i_petita_v2.png","width":189,"height":201,"caption":"CHiMPAMPUM"},"image":{"@id":"https:\/\/chimpampum.com\/es\/#\/schema\/logo\/image\/"},"sameAs":["https:\/\/www.facebook.com\/chimpampumOficial\/","https:\/\/x.com\/Chimpam_Oficial"]},{"@type":"Person","@id":"https:\/\/chimpampum.com\/es\/#\/schema\/person\/e4dd21f2f9cb3c3eece240c2b5db2f23","name":"C. Veda","image":{"@type":"ImageObject","inLanguage":"es","@id":"https:\/\/chimpampum.com\/es\/#\/schema\/person\/image\/","url":"https:\/\/secure.gravatar.com\/avatar\/bfb11378093d9c1f8e7ca6cf3c1b3bd1?s=96&d=mm&r=g","contentUrl":"https:\/\/secure.gravatar.com\/avatar\/bfb11378093d9c1f8e7ca6cf3c1b3bd1?s=96&d=mm&r=g","caption":"C. Veda"},"sameAs":["http:\/\/www.chimpampum.com"],"url":"https:\/\/chimpampum.com\/es\/author\/cristina\/"}]}},"amp_enabled":true,"_links":{"self":[{"href":"https:\/\/chimpampum.com\/es\/wp-json\/wp\/v2\/posts\/338"}],"collection":[{"href":"https:\/\/chimpampum.com\/es\/wp-json\/wp\/v2\/posts"}],"about":[{"href":"https:\/\/chimpampum.com\/es\/wp-json\/wp\/v2\/types\/post"}],"author":[{"embeddable":true,"href":"https:\/\/chimpampum.com\/es\/wp-json\/wp\/v2\/users\/2"}],"replies":[{"embeddable":true,"href":"https:\/\/chimpampum.com\/es\/wp-json\/wp\/v2\/comments?post=338"}],"version-history":[{"count":10,"href":"https:\/\/chimpampum.com\/es\/wp-json\/wp\/v2\/posts\/338\/revisions"}],"predecessor-version":[{"id":977,"href":"https:\/\/chimpampum.com\/es\/wp-json\/wp\/v2\/posts\/338\/revisions\/977"}],"wp:featuredmedia":[{"embeddable":true,"href":"https:\/\/chimpampum.com\/es\/wp-json\/wp\/v2\/media\/339"}],"wp:attachment":[{"href":"https:\/\/chimpampum.com\/es\/wp-json\/wp\/v2\/media?parent=338"}],"wp:term":[{"taxonomy":"category","embeddable":true,"href":"https:\/\/chimpampum.com\/es\/wp-json\/wp\/v2\/categories?post=338"},{"taxonomy":"post_tag","embeddable":true,"href":"https:\/\/chimpampum.com\/es\/wp-json\/wp\/v2\/tags?post=338"}],"curies":[{"name":"wp","href":"https:\/\/api.w.org\/{rel}","templated":true}]}}